{"id":1089,"date":"2026-03-15T08:47:19","date_gmt":"2026-03-15T07:47:19","guid":{"rendered":"https:\/\/www.mairie-saintleon.fr\/?p=1089"},"modified":"2026-03-20T13:35:28","modified_gmt":"2026-03-20T12:35:28","slug":"elections-municipales-15-mars-2026","status":"publish","type":"post","link":"https:\/\/www.mairie-saintleon.fr\/?p=1089","title":{"rendered":"Elections Municipales 15 Mars 2026"},"content":{"rendered":"\n<p><br>Composition du bureau unique de vote de la commune de Saint-L\u00e9on : <br>Pr\u00e9sident : Nicolas TARBES <br>Secr\u00e9taire : Nadine DUBOS <br>Assesseurs : <br>8h00-11h30 : Odile Cadassou, Ghislain Comelli, J\u00e9r\u00f4me Nougaro <br>11h30-15h00 : Jean-Marc Ayze, Jean Bernard Niotou, St\u00e9phane Itey <br>15h00-18h00 : Nadine Dubos, Marie-France Quesada, Nicolas Tarbes<br><br>D\u00e9pouillement public \u00e0 partir de 18H<\/p>\n\n\n\n<p>R\u00e9sultats : <\/p>\n\n\n\n<figure class=\"wp-block-image size-large\"><img loading=\"lazy\" decoding=\"async\" width=\"1024\" height=\"644\" src=\"https:\/\/www.mairie-saintleon.fr\/wp-content\/uploads\/2026\/03\/Capture-decran-resultats-elections-municipales-2026-1024x644.png\" alt=\"\" class=\"wp-image-1099\" srcset=\"https:\/\/www.mairie-saintleon.fr\/wp-content\/uploads\/2026\/03\/Capture-decran-resultats-elections-municipales-2026-1024x644.png 1024w, https:\/\/www.mairie-saintleon.fr\/wp-content\/uploads\/2026\/03\/Capture-decran-resultats-elections-municipales-2026-300x189.png 300w, https:\/\/www.mairie-saintleon.fr\/wp-content\/uploads\/2026\/03\/Capture-decran-resultats-elections-municipales-2026-768x483.png 768w, https:\/\/www.mairie-saintleon.fr\/wp-content\/uploads\/2026\/03\/Capture-decran-resultats-elections-municipales-2026.png 1323w\" sizes=\"auto, (max-width: 1024px) 100vw, 1024px\" \/><\/figure>\n\n\n\n<figure class=\"wp-block-image size-large\"><img loading=\"lazy\" decoding=\"async\" width=\"1024\" height=\"715\" src=\"https:\/\/www.mairie-saintleon.fr\/wp-content\/uploads\/2026\/03\/assemblee-2026-2032-1024x715.png\" alt=\"\" class=\"wp-image-1100\" srcset=\"https:\/\/www.mairie-saintleon.fr\/wp-content\/uploads\/2026\/03\/assemblee-2026-2032-1024x715.png 1024w, https:\/\/www.mairie-saintleon.fr\/wp-content\/uploads\/2026\/03\/assemblee-2026-2032-300x210.png 300w, https:\/\/www.mairie-saintleon.fr\/wp-content\/uploads\/2026\/03\/assemblee-2026-2032-768x537.png 768w, https:\/\/www.mairie-saintleon.fr\/wp-content\/uploads\/2026\/03\/assemblee-2026-2032.png 1221w\" sizes=\"auto, (max-width: 1024px) 100vw, 1024px\" \/><\/figure>\n\n\n\n<figure class=\"wp-block-image size-large\"><img decoding=\"async\" src=\"https:\/\/www.mairie-saintleon.fr\/wp-content\/uploads\/2026\/03\/Municipales2026-logo-1024x582.jpg\" alt=\"\" class=\"wp-image-1090\"\/><\/figure>\n","protected":false},"excerpt":{"rendered":"<p>Composition du bureau unique de vote de la commune de Saint-L\u00e9on : Pr\u00e9sident : Nicolas TARBES Secr\u00e9taire : Nadine DUBOS Assesseurs : 8h00-11h30 : Odile Cadassou, Ghislain Comelli, J\u00e9r\u00f4me Nougaro&hellip;<\/p>\n","protected":false},"author":1,"featured_media":1092,"comment_status":"open","ping_status":"open","sticky":false,"template":"","format":"standard","meta":{"footnotes":""},"categories":[1],"tags":[],"class_list":["post-1089","post","type-post","status-publish","format-standard","has-post-thumbnail","hentry","category-actualites"],"_links":{"self":[{"href":"https:\/\/www.mairie-saintleon.fr\/index.php?rest_route=\/wp\/v2\/posts\/1089","targetHints":{"allow":["GET"]}}],"collection":[{"href":"https:\/\/www.mairie-saintleon.fr\/index.php?rest_route=\/wp\/v2\/posts"}],"about":[{"href":"https:\/\/www.mairie-saintleon.fr\/index.php?rest_route=\/wp\/v2\/types\/post"}],"author":[{"embeddable":true,"href":"https:\/\/www.mairie-saintleon.fr\/index.php?rest_route=\/wp\/v2\/users\/1"}],"replies":[{"embeddable":true,"href":"https:\/\/www.mairie-saintleon.fr\/index.php?rest_route=%2Fwp%2Fv2%2Fcomments&post=1089"}],"version-history":[{"count":3,"href":"https:\/\/www.mairie-saintleon.fr\/index.php?rest_route=\/wp\/v2\/posts\/1089\/revisions"}],"predecessor-version":[{"id":1101,"href":"https:\/\/www.mairie-saintleon.fr\/index.php?rest_route=\/wp\/v2\/posts\/1089\/revisions\/1101"}],"wp:featuredmedia":[{"embeddable":true,"href":"https:\/\/www.mairie-saintleon.fr\/index.php?rest_route=\/wp\/v2\/media\/1092"}],"wp:attachment":[{"href":"https:\/\/www.mairie-saintleon.fr\/index.php?rest_route=%2Fwp%2Fv2%2Fmedia&parent=1089"}],"wp:term":[{"taxonomy":"category","embeddable":true,"href":"https:\/\/www.mairie-saintleon.fr\/index.php?rest_route=%2Fwp%2Fv2%2Fcategories&post=1089"},{"taxonomy":"post_tag","embeddable":true,"href":"https:\/\/www.mairie-saintleon.fr\/index.php?rest_route=%2Fwp%2Fv2%2Ftags&post=1089"}],"curies":[{"name":"wp","href":"https:\/\/api.w.org\/{rel}","templated":true}]}}